{"id":2389,"date":"2021-11-02T20:19:53","date_gmt":"2021-11-03T01:19:53","guid":{"rendered":"https:\/\/imek.org.co\/new\/2021\/11\/vinculacion-de-imek-con-el-programa-aflora\/"},"modified":"2022-12-06T21:45:51","modified_gmt":"2022-12-07T02:45:51","slug":"vinculacion-de-imek-con-el-programa-aflora","status":"publish","type":"post","link":"https:\/\/imek.org.co\/en\/2021\/11\/vinculacion-de-imek-con-el-programa-aflora\/","title":{"rendered":"IMEK and the AFLORA Program for social organizations"},"content":{"rendered":"\t\t<div data-elementor-type=\"wp-post\" data-elementor-id=\"2389\" class=\"elementor elementor-2389 elementor-544\" data-elementor-post-type=\"post\">\n\t\t\t\t\t\t<section class=\"elementor-section elementor-top-section elementor-element elementor-element-67df111 elementor-section-boxed elementor-section-height-default elementor-section-height-default\" data-id=\"67df111\" data-element_type=\"section\">\n\t\t\t\t\t\t<div class=\"elementor-container elementor-column-gap-default\">\n\t\t\t\t\t<div class=\"elementor-column elementor-col-100 elementor-top-column elementor-element elementor-element-26c29af\" data-id=\"26c29af\" data-element_type=\"column\">\n\t\t\t<div class=\"elementor-widget-wrap elementor-element-populated\">\n\t\t\t\t\t\t<div class=\"elementor-element elementor-element-0992dba elementor-widget elementor-widget-text-editor\" data-id=\"0992dba\" data-element_type=\"widget\" data-widget_type=\"text-editor.default\">\n\t\t\t\t<div class=\"elementor-widget-container\">\n\t\t\t\t\t\t\t\t\t<p>In response to the call put out by the Cali Chamber of Commerce to all non-profit organizations (NPO) interested in joining the AFLORA Program (<u>see <a href=\"https:\/\/www.fundacionbolivardavivienda.org\/aflora\">here<\/a><\/u>) of the Bolivar-Davivienda Foundation, in 2021 IMEK Research Center in Marketing &amp; Development decided to apply and our Foundation was selected. We are grateful to have been granted this opportunity.<\/p><p>The purpose of the AFLORA Program is to provide support and virtual training to organizations with a social purpose, that seek to strengthen their internal processes to achieve the objectives of the causes they lead. There are currently more than 1,700 organizations registered and active in this Program. The organizations receive support to generate strategies to carry out their social purpose and be sustainable.<\/p><p>After registering to the AFLORA Program, an initial process of self-diagnosis categorized IMEK as a &#8220;Take-off&#8221; organization, marking the beginning of a training process adapted to the conditions, needs and characteristics of the Foundation. This route includes a series of training modules (more than 22,000 hours) in areas where IMEK Research Center in Marketing &amp; Development could be institutionally strengthened, such as human resources, marketing, organizational strategy, ethics and transparency.<\/p><p>The AFLORA Program has a total of (4) levels, each one strategically built to provide advice according to the specific needs and realities of the organization. To progress in the training and for the growth experience to be successful, each organization must meet the requirements of each level. This to guarantee strengthening the capabilities of the teams and the sustainability of the participating organizations over time. In the end, the appropriation of all the tools of the program will help facilitate the organic and sustainable growth of the participating organizations.<\/p><p>At IMEK we are proud of the fact that the potential of our corporate agenda has been recognized. We hope that by the end of the program our organization will have a much greater impact.<\/p><p><u>About Bol\u00edvar Davivienda Foundation<\/u>:<\/p><p>The Bolivar-Davivienda Foundation has the objective <em>\u201cto support and promote life-changing and high-impact projects that develop skills in individuals, communities and organizations in order to build a more just, innovative and equitable society\u201d<\/em> (Taken from www.fundacionbolivardavivienda.org).<\/p><p>For more information visit: <a href=\"https:\/\/www.fundacionbolivardavivienda.org\/\">https:\/\/www.fundacionbolivardavivienda.org\/<\/a>.<\/p><p><strong>Author:<\/strong> Caicedo, MJ<\/p>\t\t\t\t\t\t\t\t<\/div>\n\t\t\t\t<\/div>\n\t\t\t\t\t<\/div>\n\t\t<\/div>\n\t\t\t\t\t<\/div>\n\t\t<\/section>\n\t\t\t\t<\/div>\n\t\t","protected":false},"excerpt":{"rendered":"<p>Desde el a\u00f1o 2021 hacemos parte del Programa AFLORA de la Fundaci\u00f3n Bol\u00edvar-Davivienda.<\/p>\n","protected":false},"author":5,"featured_media":2280,"comment_status":"closed","ping_status":"open","sticky":false,"template":"","format":"standard","meta":{"om_disable_all_campaigns":false,"_monsterinsights_skip_tracking":false,"_monsterinsights_sitenote_active":false,"_monsterinsights_sitenote_note":"","_monsterinsights_sitenote_category":0,"site-sidebar-layout":"default","site-content-layout":"","ast-site-content-layout":"default","site-content-style":"default","site-sidebar-style":"default","ast-global-header-display":"","ast-banner-title-visibility":"","ast-main-header-display":"","ast-hfb-above-header-display":"","ast-hfb-below-header-display":"","ast-hfb-mobile-header-display":"","site-post-title":"","ast-breadcrumbs-content":"","ast-featured-img":"","footer-sml-layout":"","theme-transparent-header-meta":"","adv-header-id-meta":"","stick-header-meta":"","header-above-stick-meta":"","header-main-stick-meta":"","header-below-stick-meta":"","astra-migrate-meta-layouts":"default","ast-page-background-enabled":"default","ast-page-background-meta":{"desktop":{"background-color":"var(--ast-global-color-4)","background-image":"","background-repeat":"repeat","background-position":"center center","background-size":"auto","background-attachment":"scroll","background-type":"","background-media":"","overlay-type":"","overlay-color":"","overlay-opacity":"","overlay-gradient":""},"tablet":{"background-color":"","background-image":"","background-repeat":"repeat","background-position":"center center","background-size":"auto","background-attachment":"scroll","background-type":"","background-media":"","overlay-type":"","overlay-color":"","overlay-opacity":"","overlay-gradient":""},"mobile":{"background-color":"","background-image":"","background-repeat":"repeat","background-position":"center center","background-size":"auto","background-attachment":"scroll","background-type":"","background-media":"","overlay-type":"","overlay-color":"","overlay-opacity":"","overlay-gradient":""}},"ast-content-background-meta":{"desktop":{"background-color":"var(--ast-global-color-5)","background-image":"","background-repeat":"repeat","background-position":"center center","background-size":"auto","background-attachment":"scroll","background-type":"","background-media":"","overlay-type":"","overlay-color":"","overlay-opacity":"","overlay-gradient":""},"tablet":{"background-color":"var(--ast-global-color-5)","background-image":"","background-repeat":"repeat","background-position":"center center","background-size":"auto","background-attachment":"scroll","background-type":"","background-media":"","overlay-type":"","overlay-color":"","overlay-opacity":"","overlay-gradient":""},"mobile":{"background-color":"var(--ast-global-color-5)","background-image":"","background-repeat":"repeat","background-position":"center center","background-size":"auto","background-attachment":"scroll","background-type":"","background-media":"","overlay-type":"","overlay-color":"","overlay-opacity":"","overlay-gradient":""}},"_vp_format_video_url":"","_vp_image_focal_point":[],"_jetpack_memberships_contains_paid_content":false,"footnotes":""},"categories":[94],"tags":[],"class_list":["post-2389","post","type-post","status-publish","format-standard","has-post-thumbnail","hentry","category-alianzas-en"],"aioseo_notices":[],"jetpack_featured_media_url":"https:\/\/imek.org.co\/wp-content\/uploads\/2022\/08\/Aflora1.png","jetpack_sharing_enabled":true,"_links":{"self":[{"href":"https:\/\/imek.org.co\/en\/wp-json\/wp\/v2\/posts\/2389","targetHints":{"allow":["GET"]}}],"collection":[{"href":"https:\/\/imek.org.co\/en\/wp-json\/wp\/v2\/posts"}],"about":[{"href":"https:\/\/imek.org.co\/en\/wp-json\/wp\/v2\/types\/post"}],"author":[{"embeddable":true,"href":"https:\/\/imek.org.co\/en\/wp-json\/wp\/v2\/users\/5"}],"replies":[{"embeddable":true,"href":"https:\/\/imek.org.co\/en\/wp-json\/wp\/v2\/comments?post=2389"}],"version-history":[{"count":8,"href":"https:\/\/imek.org.co\/en\/wp-json\/wp\/v2\/posts\/2389\/revisions"}],"predecessor-version":[{"id":3177,"href":"https:\/\/imek.org.co\/en\/wp-json\/wp\/v2\/posts\/2389\/revisions\/3177"}],"wp:featuredmedia":[{"embeddable":true,"href":"https:\/\/imek.org.co\/en\/wp-json\/wp\/v2\/media\/2280"}],"wp:attachment":[{"href":"https:\/\/imek.org.co\/en\/wp-json\/wp\/v2\/media?parent=2389"}],"wp:term":[{"taxonomy":"category","embeddable":true,"href":"https:\/\/imek.org.co\/en\/wp-json\/wp\/v2\/categories?post=2389"},{"taxonomy":"post_tag","embeddable":true,"href":"https:\/\/imek.org.co\/en\/wp-json\/wp\/v2\/tags?post=2389"}],"curies":[{"name":"wp","href":"https:\/\/api.w.org\/{rel}","templated":true}]}}